{"id":2976,"date":"2026-06-17T11:29:05","date_gmt":"2026-06-17T14:29:05","guid":{"rendered":"https:\/\/indiebrasilis.com.br\/?p=2976"},"modified":"2026-06-17T11:29:07","modified_gmt":"2026-06-17T14:29:07","slug":"encontro-espirito-geek-festival-reune-indie-devs-e-publico-em-vitoria-no-espirito-santo","status":"publish","type":"post","link":"http:\/\/indiebrasilis.com.br\/?p=2976","title":{"rendered":"Encontro Esp\u00edrito Geek Festival re\u00fane Indie Devs e p\u00fablico em Vit\u00f3ria, no Esp\u00edrito Santo"},"content":{"rendered":"\n<p class=\"wp-block-paragraph\">O evento Esp\u00edrito Geek Festival, voltado \u00e0 dissemina\u00e7\u00e3o de Cultura Pop no estado do Esp\u00edrito Santo e espa\u00e7o para artistas capixabas poderem expor os seus trabalhos em um ambiente aberto ao p\u00fablico, tem edi\u00e7\u00e3o -prevista para este m\u00eas, na regi\u00e3o Sul do pa\u00eds.<\/p>\n\n\n\n<p class=\"wp-block-paragraph\">Trata-se, como divulga a comunica\u00e7\u00e3o oficial do projeto, de &#8220;um encontro aberto voltado para desenvolvedores, estudantes e pessoas interessadas no mercado de jogos, focado em troca de experi\u00eancias, networking e compartilhamento de conhecimento sobre desenvolvimento indie&#8221;, onde os participantes encontram formas de expandir o alcance de seus trabalhos para novos p\u00fablicos.<\/p>\n\n\n\n<p class=\"wp-block-paragraph\">&#8220;Al\u00e9m dos playtests e exposi\u00e7\u00e3o de games, o evento contar\u00e1 com mesas redondas e palestras voltadas para quem quer conhecer mais sobre o universo do desenvolvimento de jogos, compartilhar experi\u00eancias e fortalecer conex\u00f5es com a comunidade geek e indie&#8221;, explica a organiza\u00e7\u00e3o.<\/p>\n\n\n\n<p class=\"wp-block-paragraph\">O evento contar\u00e1 com:<\/p>\n\n\n\n<ul class=\"wp-block-list\">\n<li>Palestras e mesas redondas<\/li>\n\n\n\n<li>Exposi\u00e7\u00e3o de jogos independentes<\/li>\n\n\n\n<li>Playtests com o p\u00fablico<\/li>\n\n\n\n<li>Networking entre desenvolvedores e comunidade<\/li>\n<\/ul>\n\n\n\n<p class=\"wp-block-paragraph\">Os visitantes tamb\u00e9m poder\u00e3o jogar vers\u00f5es de demonstra\u00e7\u00e3o de jogos em produ\u00e7\u00e3o, conhecer cria\u00e7\u00f5es independentes e conversar diretamente com os desenvolvedores em um festivo espa\u00e7o concebido especialmente para celebrar o game design nacional.<\/p>\n\n\n\n<p class=\"wp-block-paragraph\">A iniciativa acontece no HUB ES+, no Centro de Vit\u00f3ria, no Esp\u00edrito Santo, no pr\u00f3ximo dia 26 de junho, das 12h \u00e0s 18h, com entrada gratuita.<\/p>\n\n\n\n<p class=\"wp-block-paragraph\">Outras informa\u00e7\u00f5es podem ser acessadas diretamente no <em><a href=\"https:\/\/www.espiritogeek.com.br\/\" data-type=\"link\" data-id=\"https:\/\/www.espiritogeek.com.br\/\" target=\"_blank\" rel=\"noreferrer noopener\">site oficial da produ\u00e7\u00e3o<\/a><\/em>.<\/p>\n\n\n\n<p class=\"wp-block-paragraph\">Imagem; reprodu\u00e7\u00e3o<\/p>\n","protected":false},"excerpt":{"rendered":"<p>Evento acontece no dia 26 de junho, das 12h \u00e0s 18h, com entrada gratuita.<\/p>\n","protected":false},"author":2,"featured_media":2977,"comment_status":"open","ping_status":"open","sticky":false,"template":"","format":"standard","meta":{"footnotes":"","jetpack_publicize_message":"","jetpack_publicize_feature_enabled":true,"jetpack_social_post_already_shared":true,"jetpack_social_options":{"image_generator_settings":{"template":"highway","default_image_id":0,"font":"","enabled":false},"version":2}},"categories":[225,7,78],"tags":[922,216,101,42,8,58],"class_list":["post-2976","post","type-post","status-publish","format-standard","has-post-thumbnail","hentry","category-game-cultura","category-indie-games-brasileiros","category-indie-news","tag-espirito-geek-festival","tag-game-cultura","tag-game-dev","tag-games-brasileiros","tag-indie-br","tag-indie-games"],"jetpack_publicize_connections":[],"_links":{"self":[{"href":"http:\/\/indiebrasilis.com.br\/index.php?rest_route=\/wp\/v2\/posts\/2976","targetHints":{"allow":["GET"]}}],"collection":[{"href":"http:\/\/indiebrasilis.com.br\/index.php?rest_route=\/wp\/v2\/posts"}],"about":[{"href":"http:\/\/indiebrasilis.com.br\/index.php?rest_route=\/wp\/v2\/types\/post"}],"author":[{"embeddable":true,"href":"http:\/\/indiebrasilis.com.br\/index.php?rest_route=\/wp\/v2\/users\/2"}],"replies":[{"embeddable":true,"href":"http:\/\/indiebrasilis.com.br\/index.php?rest_route=%2Fwp%2Fv2%2Fcomments&post=2976"}],"version-history":[{"count":1,"href":"http:\/\/indiebrasilis.com.br\/index.php?rest_route=\/wp\/v2\/posts\/2976\/revisions"}],"predecessor-version":[{"id":2978,"href":"http:\/\/indiebrasilis.com.br\/index.php?rest_route=\/wp\/v2\/posts\/2976\/revisions\/2978"}],"wp:featuredmedia":[{"embeddable":true,"href":"http:\/\/indiebrasilis.com.br\/index.php?rest_route=\/wp\/v2\/media\/2977"}],"wp:attachment":[{"href":"http:\/\/indiebrasilis.com.br\/index.php?rest_route=%2Fwp%2Fv2%2Fmedia&parent=2976"}],"wp:term":[{"taxonomy":"category","embeddable":true,"href":"http:\/\/indiebrasilis.com.br\/index.php?rest_route=%2Fwp%2Fv2%2Fcategories&post=2976"},{"taxonomy":"post_tag","embeddable":true,"href":"http:\/\/indiebrasilis.com.br\/index.php?rest_route=%2Fwp%2Fv2%2Ftags&post=2976"}],"curies":[{"name":"wp","href":"https:\/\/api.w.org\/{rel}","templated":true}]}}