{"id":2802,"date":"2026-05-31T20:53:38","date_gmt":"2026-05-31T23:53:38","guid":{"rendered":"https:\/\/indiebrasilis.com.br\/?p=2802"},"modified":"2026-05-31T20:53:39","modified_gmt":"2026-05-31T23:53:39","slug":"gamepolitan-tradicional-festival-de-games-da-bahia-retorna-apos-seis-anos","status":"publish","type":"post","link":"http:\/\/indiebrasilis.com.br\/?p=2802","title":{"rendered":"Gamep\u00f3litan, tradicional festival de games da Bahia, retorna ap\u00f3s seis anos"},"content":{"rendered":"\n<p class=\"wp-block-paragraph\">&#8220;O maior festival de jogos e cultura l\u00fadico-digital da Bahia est\u00e1 de volta. Os amantes do universo gamer e da tecnologia j\u00e1 podem garantir presen\u00e7a no retorno do Gamep\u00f3litan 2026. Ap\u00f3s um hiato de seis anos, o evento ter\u00e1 tr\u00eas dias de programa\u00e7\u00e3o e os ingressos j\u00e1 est\u00e3o \u00e0 venda exclusivamente pelo site oficial do festival&#8221;, anuncia postagem sobre a retomada do projeto no <em><a href=\"https:\/\/www.instagram.com\/p\/DYzmUgiFLa6\/\" data-type=\"link\" data-id=\"https:\/\/www.instagram.com\/p\/DYzmUgiFLa6\/\" target=\"_blank\" rel=\"noreferrer noopener\">Instagram<\/a><\/em>.<\/p>\n\n\n\n<p class=\"wp-block-paragraph\">Como explica a divulga\u00e7\u00e3o do evento no <em><a href=\"https:\/\/gamepolitan.com.br\/\" data-type=\"link\" data-id=\"https:\/\/gamepolitan.com.br\/\" target=\"_blank\" rel=\"noreferrer noopener\">site oficial,<\/a><\/em> o Gamep\u00f3litan visa &#8220;promover e explorar as diversas facetas do universo digital no estado. O evento re\u00fane entusiastas, profissionais, criadores de conte\u00fado e empreendedores para compartilhar conhecimentos, experi\u00eancias e inova\u00e7\u00f5es no campo das tecnologias digitais e jogos.&#8221;<\/p>\n\n\n\n<p class=\"wp-block-paragraph\">O p\u00fablico encontrar\u00e1 espa\u00e7os interativos, para experimentar jogos e novas tecnologias, mostras de arte digital e anima\u00e7\u00f5es que destacam a originalidade e o talento de artistas brasileiros, atividades voltadas \u00e0 diversidade e inclus\u00e3o, com visibilidade a criadores LGBTQIAPN+ e outras minorias e a presen\u00e7a de influenciadores e criadores de conte\u00fado, promovendo a intera\u00e7\u00e3o entre f\u00e3s e \u00eddolos.<\/p>\n\n\n\n<p class=\"wp-block-paragraph\">Segundo Ricardo Silva, idealizador e integrante da comiss\u00e3o organizadora, a iniciativa representa um momento importante para a retomada do evento na regi\u00e3o, ap\u00f3s os anos de aus\u00eancia p\u00f3s-pandemia. \u201c\u00c9 o passo inicial de um processo de retomada, que tem como objetivo consolidar o Gamep\u00f3litan como o principal evento do setor na regi\u00e3o\u201d, afirmou, de acordo com a a informa\u00e7\u00e3o revelada nas redes sociais.<\/p>\n\n\n\n<p class=\"wp-block-paragraph\">A realiza\u00e7\u00e3o do encontro de games na Bahia acontecer\u00e1 entre os dias 31 de julho e 2 de agosto, no Parque de Exposi\u00e7\u00f5es, em Salvador.<\/p>\n\n\n\n<p class=\"wp-block-paragraph\">Imagem: fotomontagem<\/p>\n","protected":false},"excerpt":{"rendered":"<p>Evento retorna ap\u00f3s encerramento na p\u00f3s-pandemia.<\/p>\n","protected":false},"author":2,"featured_media":2803,"comment_status":"open","ping_status":"open","sticky":false,"template":"","format":"standard","meta":{"footnotes":"","jetpack_publicize_message":"","jetpack_publicize_feature_enabled":true,"jetpack_social_post_already_shared":true,"jetpack_social_options":{"image_generator_settings":{"template":"highway","default_image_id":0,"font":"","enabled":false},"version":2}},"categories":[594,225,78],"tags":[595,216,101,853,42,8,58],"class_list":["post-2802","post","type-post","status-publish","format-standard","has-post-thumbnail","hentry","category-cultura-geek","category-game-cultura","category-indie-news","tag-cultura-geek","tag-game-cultura","tag-game-dev","tag-gamepolitan","tag-games-brasileiros","tag-indie-br","tag-indie-games"],"jetpack_publicize_connections":[],"_links":{"self":[{"href":"http:\/\/indiebrasilis.com.br\/index.php?rest_route=\/wp\/v2\/posts\/2802","targetHints":{"allow":["GET"]}}],"collection":[{"href":"http:\/\/indiebrasilis.com.br\/index.php?rest_route=\/wp\/v2\/posts"}],"about":[{"href":"http:\/\/indiebrasilis.com.br\/index.php?rest_route=\/wp\/v2\/types\/post"}],"author":[{"embeddable":true,"href":"http:\/\/indiebrasilis.com.br\/index.php?rest_route=\/wp\/v2\/users\/2"}],"replies":[{"embeddable":true,"href":"http:\/\/indiebrasilis.com.br\/index.php?rest_route=%2Fwp%2Fv2%2Fcomments&post=2802"}],"version-history":[{"count":1,"href":"http:\/\/indiebrasilis.com.br\/index.php?rest_route=\/wp\/v2\/posts\/2802\/revisions"}],"predecessor-version":[{"id":2804,"href":"http:\/\/indiebrasilis.com.br\/index.php?rest_route=\/wp\/v2\/posts\/2802\/revisions\/2804"}],"wp:featuredmedia":[{"embeddable":true,"href":"http:\/\/indiebrasilis.com.br\/index.php?rest_route=\/wp\/v2\/media\/2803"}],"wp:attachment":[{"href":"http:\/\/indiebrasilis.com.br\/index.php?rest_route=%2Fwp%2Fv2%2Fmedia&parent=2802"}],"wp:term":[{"taxonomy":"category","embeddable":true,"href":"http:\/\/indiebrasilis.com.br\/index.php?rest_route=%2Fwp%2Fv2%2Fcategories&post=2802"},{"taxonomy":"post_tag","embeddable":true,"href":"http:\/\/indiebrasilis.com.br\/index.php?rest_route=%2Fwp%2Fv2%2Ftags&post=2802"}],"curies":[{"name":"wp","href":"https:\/\/api.w.org\/{rel}","templated":true}]}}